{"id":7186,"date":"2022-05-16T14:36:00","date_gmt":"2022-05-16T12:36:00","guid":{"rendered":"https:\/\/sylb.eu\/?p=7186"},"modified":"2022-05-16T12:38:27","modified_gmt":"2022-05-16T10:38:27","slug":"helidus-mit-neuem-song-blackout-und-mit-spendenaktion","status":"publish","type":"post","link":"https:\/\/zora-mediaart.de\/sylb\/helidus-mit-neuem-song-blackout-und-mit-spendenaktion\/","title":{"rendered":"Helidus mit neuem Song &#8222;Blackout&#8220; und mit Spendenaktion"},"content":{"rendered":"\n<p>Es ist etwas \u00fcber ein halbes Jahr her, dass wir \u00fcber den Song <strong>Geschichten<\/strong> berichtet haben, den der \u00f6sterreichische Songpoet <strong>Helidus<\/strong> im Oktober 2021 ver\u00f6ffentlicht hat. <strong>Helidus<\/strong> war in der Vergangenheit oft in teilweise exotischen L\u00e4ndern und ist dort in die jeweilige Kultur eingetaucht. Aber auch in seiner Heimat im Land Salzburg beobachtet er sehr genau, was um ihn herum passiert. Und so, wie es wohl jedem von uns ergeht, gibt es auch f\u00fcr <strong>Helidus<\/strong> immer wieder Dinge, die kritikw\u00fcrdig sind. <strong>Helidus<\/strong> kritisiert nicht nur sondern zeigt auch gleich m\u00f6gliche L\u00f6sungsans\u00e4tze auf. Dabei ist er musikalisch genauso offen, wie er es gegen\u00fcber Menschen aus den verschiedensten Kulturkreisen ist, wobei der Hashtag #lyricpunkrock schon seine Berechtigung hat.<br><br>Jetzt hat sich <strong>Helidus<\/strong> mit einem Thema besch\u00e4ftigt, vor dem auch Fachleute \u2013 und solche, die sich selbst so nennen \u2013 immer mal wieder warnen: ein Blackout, der alles lahmlegt, woran wir uns schon lange gew\u00f6hnt haben. In Katastrophenfilmen kommt es dann eigentlich immer sofort zu Pl\u00fcnderungen und Anarchie. Aber es k\u00f6nnte ja auch anders ablaufen, n\u00e4mlich mit einer gro\u00dfen Party, bei der alle Menschen auf der Welt friedlich miteinander feiern. Da hat jeder sicherlich seine eigenen Vorstellungen. <strong>Helidus<\/strong> besch\u00e4ftigt sich im Song <strong>Blackout<\/strong> aber auch mit den leider schon wohlbekannten inhaltslosen Phrasen von Politikern, wenn es um unser aller Zukunft geht. Und wie immer legt <strong>Helidus<\/strong> auch den Finger in die Wunde einiger nach wie vor nicht gel\u00f6ster gesellschaftlicher Probleme. Aber ganz so hoffnungslos, wie es jetzt klingen mag, sollte man nicht sein, und auch <strong>Helidus<\/strong> sieht einen Lichtstreif am Horizont. Passend zum Thema &#8222;Zukunft&#8220; hat sich <strong>Helidus<\/strong> f\u00fcr sein Video auch Unterst\u00fctzung von der zuk\u00fcnftigen Generation geholt. Immer mal wieder springen ein Junge und ein M\u00e4dchen ins Bild, stimmen in <strong>Helidus&#8216;<\/strong> Gesang ein und zeigen den ausgestreckten Mittelfinger. Musikalisch geht&#8217;s wieder in Richtung Punk(rock), der aber ohne seine Rotzigkeit daherkommt, so dass <strong>Blackout<\/strong> durchaus auch radiotauglich ist.<br><br>Angesichts des Kriegs in der Ukraine hat sich <strong>Helidus<\/strong> auch dazu entschlossen, zeitgleich mit der Ver\u00f6ffentlichung von <strong>Blackout<\/strong> eine <a href=\"https:\/\/www.spendenseite.de\/helidus-sammelt-f-252-r-die-nothilfe-in-der-ukraine\/-40876\">Spendenaktion<\/a> f\u00fcr die <strong>Volkshilfe Nothilfe Ukraine<\/strong> zu starten. 100% der Spenden gehen an diese Organisation. Jeder, der spendet, und eine Nachricht mit einem Foto der Quittung an <strong>Helidus<\/strong> schickt, erh\u00e4lt von ihm eine pers\u00f6nliche Dankes-Nachricht, den Song <strong>Blackout<\/strong> im mp3-Format und nimmt auch noch an einer Verlosung von unverk\u00e4uflichem <strong>Helidus<\/strong>-Merchandise aus der <strong>Helidus<\/strong> Art-Collection teil. Das Ganze l\u00e4uft noch, ab heute gerechnet, 21 Tage. Sehr coole Aktion, Daumen hoch daf\u00fcr!<br><br>Und als w\u00e4ren das noch nicht genug News, hat <strong>Helidus<\/strong> vor drei Tagen auf <a href=\"https:\/\/www.facebook.com\/fragenallerfragen\/\"><strong>Facebook<\/strong><\/a> eine weitere Aktion gestartet. Jeden Tag postet er ein Reel mit Fakten, Informationen oder auch kuriosen Dingen aus seinem Leben. Insgesamt 20 Reels sollen es werden, und auch hier gibt es am Ende etwas zu gewinnen. Infos dazu werden vom ihm noch ver\u00f6ffentlicht.<\/p>\n\n\n\n<figure class=\"wp-block-embed is-type-video is-provider-youtube wp-block-embed-youtube wp-embed-aspect-16-9 wp-has-aspect-ratio\"><div class=\"wp-block-embed__wrapper\">\n<div class=\"wpbf-responsive-embed\"><iframe title=\"Blackout\" width=\"1200\" height=\"675\" src=\"https:\/\/www.youtube.com\/embed\/zGY_j7kA0iA?start=103&#038;feature=oembed\" frameborder=\"0\" allow=\"accelerometer; autoplay; clipboard-write; encrypted-media; gyroscope; picture-in-picture\" allowfullscreen><\/iframe><\/div>\n<\/div><\/figure>\n","protected":false},"excerpt":{"rendered":"<p>Jetzt hat sich Helidus mit einem Thema besch\u00e4ftigt, vor dem auch Fachleute \u2013 und solche, die sich selbst so nennen \u2013 immer mal wieder warnen: ein Blackout, der alles lahmlegt, woran wir uns schon lange gew\u00f6hnt haben. In Katastrophenfilmen kommt es dann eigentlich immer sofort zu Pl\u00fcnderungen und Anarchie. Aber es k\u00f6nnte ja auch anders ablaufen, &#8230;<\/p>\n","protected":false},"author":23,"featured_media":7185,"comment_status":"closed","ping_status":"closed","sticky":false,"template":"","format":"standard","meta":{"footnotes":""},"categories":[25],"tags":[764,352,120,104,331],"class_list":["post-7186","post","type-post","status-publish","format-standard","has-post-thumbnail","hentry","category-news","tag-blackout","tag-helidus","tag-oesterreich","tag-punkrock","tag-video","wpbf-post"],"_links":{"self":[{"href":"https:\/\/zora-mediaart.de\/sylb\/wp-json\/wp\/v2\/posts\/7186","targetHints":{"allow":["GET"]}}],"collection":[{"href":"https:\/\/zora-mediaart.de\/sylb\/wp-json\/wp\/v2\/posts"}],"about":[{"href":"https:\/\/zora-mediaart.de\/sylb\/wp-json\/wp\/v2\/types\/post"}],"author":[{"embeddable":true,"href":"https:\/\/zora-mediaart.de\/sylb\/wp-json\/wp\/v2\/users\/23"}],"replies":[{"embeddable":true,"href":"https:\/\/zora-mediaart.de\/sylb\/wp-json\/wp\/v2\/comments?post=7186"}],"version-history":[{"count":3,"href":"https:\/\/zora-mediaart.de\/sylb\/wp-json\/wp\/v2\/posts\/7186\/revisions"}],"predecessor-version":[{"id":7189,"href":"https:\/\/zora-mediaart.de\/sylb\/wp-json\/wp\/v2\/posts\/7186\/revisions\/7189"}],"wp:featuredmedia":[{"embeddable":true,"href":"https:\/\/zora-mediaart.de\/sylb\/wp-json\/wp\/v2\/media\/7185"}],"wp:attachment":[{"href":"https:\/\/zora-mediaart.de\/sylb\/wp-json\/wp\/v2\/media?parent=7186"}],"wp:term":[{"taxonomy":"category","embeddable":true,"href":"https:\/\/zora-mediaart.de\/sylb\/wp-json\/wp\/v2\/categories?post=7186"},{"taxonomy":"post_tag","embeddable":true,"href":"https:\/\/zora-mediaart.de\/sylb\/wp-json\/wp\/v2\/tags?post=7186"}],"curies":[{"name":"wp","href":"https:\/\/api.w.org\/{rel}","templated":true}]}}