{"id":5856,"date":"2022-02-07T17:25:00","date_gmt":"2022-02-07T16:25:00","guid":{"rendered":"https:\/\/sylb.eu\/?p=5856"},"modified":"2022-02-07T18:46:36","modified_gmt":"2022-02-07T17:46:36","slug":"mortal-hatred-kuendigen-ihr-album-odyssey-fuer-den-08-04-an","status":"publish","type":"post","link":"https:\/\/zora-mediaart.de\/sylb\/mortal-hatred-kuendigen-ihr-album-odyssey-fuer-den-08-04-an\/","title":{"rendered":"Mortal Hatred k\u00fcndigen ihr Album &#8222;Odyssey&#8220; f\u00fcr den 08.04. an"},"content":{"rendered":"\n<p>Die Kreuztaler Band <strong>Mortal Hatred<\/strong> darf man wohl mittlerweile als Urgesteine der Hardcore-\/Deathcore-Szene bezeichnen, die sie bereits seit dem Jahr 2006 aufmischen. W\u00e4hrend sie schon viele Locations in Schutt und Asche gelegt haben, m\u00fcssen die Fans auf ein neues Album schon l\u00e4nger warten.<br><br>Auf der <strong><a href=\"https:\/\/mortalhatred.bandcamp.com\/music\">Bandcamp<\/a><\/strong>-Seite von <strong>Mortal Hatred<\/strong> finden sich insgesamt drei eigene Alben, die 2009, 2010 und 2014 ver\u00f6ffentlicht wurden, sowie das Split mit <strong>Call Of Charon<\/strong> aus 2015. Nach der Single <strong>Die Nixe Vom M\u00fchlenweiher<\/strong> aus 2018, bei dem sich <strong>Mortal Hatred<\/strong> auch mal richtig schwarzmetallisch pr\u00e4sentierten, ist erstmal Schluss. Aber das wird sich im April \u00e4ndern, denn Anfang Januar haben <strong>Mortal Hatred<\/strong> endlich ank\u00fcndigen k\u00f6nnen, dass das neue Album namens <strong>Odyssey<\/strong> am 08.04. via <strong>Kernkraftritter Records<\/strong> ver\u00f6ffentlicht werden soll.<br><br>Und weil <strong>Mortal Hatred<\/strong> eben <strong>Mortal Hatred<\/strong> sind, werden die 14 Titel nicht auf eine CD gebrannt, sondern auf zwei (11 Songs auf CD 1, 3 Songs auf CD 2). Der Song <strong>Die Nixe Vom M\u00fchlenweiher<\/strong> findet sich genauso auf <strong>Odyssey<\/strong> wie auch der &#8222;grund\u00fcberholte&#8220; Track <strong>Traditional Godzilla Violence<\/strong>, der bereits auf dem Split mit <strong>Call Of Charon<\/strong> seinen Platz hatte. F\u00fcr drei Songs konnten <strong>Mortal Hatred<\/strong> sich noch verst\u00e4rken und Features von <strong>S\u00f6ren<\/strong> (<strong>Slab Strike<\/strong>), <strong>Dani<\/strong> (<strong>KALT<\/strong>) und <strong>Rainer Nyg\u00e5rd<\/strong> (<strong>Diablo<\/strong>) ank\u00fcndigen.<br><br>Als ersten Appetizer haben <strong>Mortal Hatred<\/strong> jetzt zum Song, der genauso hei\u00dft, wie sie selbst, ein Video ver\u00f6ffentlicht.<\/p>\n","protected":false},"excerpt":{"rendered":"<p>Die Kreuztaler Band Mortal Hatred darf man wohl mittlerweile als Urgesteine der Hardcore-\/Deathcore-Szene bezeichnen, die sie bereits seit dem Jahr 2006 aufmischen. W\u00e4hrend sie schon viele Locations in Schutt und Asche gelegt haben, m\u00fcssen die Fans auf ein neues Album schon l\u00e4nger warten. Auf der Bandcamp-Seite von Mortal Hatred finden sich insgesamt drei eigene Alben, [&hellip;]<\/p>\n","protected":false},"author":23,"featured_media":5847,"comment_status":"closed","ping_status":"closed","sticky":false,"template":"","format":"standard","meta":{"footnotes":""},"categories":[25],"tags":[337,333,41,364,575,577,579],"class_list":["post-5856","post","type-post","status-publish","format-standard","has-post-thumbnail","hentry","category-news","tag-death-metal","tag-deathcore","tag-deutschland","tag-hardcore","tag-kernkraftritter-records","tag-mortal-hatred","tag-odyssey","wpbf-post"],"_links":{"self":[{"href":"https:\/\/zora-mediaart.de\/sylb\/wp-json\/wp\/v2\/posts\/5856","targetHints":{"allow":["GET"]}}],"collection":[{"href":"https:\/\/zora-mediaart.de\/sylb\/wp-json\/wp\/v2\/posts"}],"about":[{"href":"https:\/\/zora-mediaart.de\/sylb\/wp-json\/wp\/v2\/types\/post"}],"author":[{"embeddable":true,"href":"https:\/\/zora-mediaart.de\/sylb\/wp-json\/wp\/v2\/users\/23"}],"replies":[{"embeddable":true,"href":"https:\/\/zora-mediaart.de\/sylb\/wp-json\/wp\/v2\/comments?post=5856"}],"version-history":[{"count":5,"href":"https:\/\/zora-mediaart.de\/sylb\/wp-json\/wp\/v2\/posts\/5856\/revisions"}],"predecessor-version":[{"id":5861,"href":"https:\/\/zora-mediaart.de\/sylb\/wp-json\/wp\/v2\/posts\/5856\/revisions\/5861"}],"wp:featuredmedia":[{"embeddable":true,"href":"https:\/\/zora-mediaart.de\/sylb\/wp-json\/wp\/v2\/media\/5847"}],"wp:attachment":[{"href":"https:\/\/zora-mediaart.de\/sylb\/wp-json\/wp\/v2\/media?parent=5856"}],"wp:term":[{"taxonomy":"category","embeddable":true,"href":"https:\/\/zora-mediaart.de\/sylb\/wp-json\/wp\/v2\/categories?post=5856"},{"taxonomy":"post_tag","embeddable":true,"href":"https:\/\/zora-mediaart.de\/sylb\/wp-json\/wp\/v2\/tags?post=5856"}],"curies":[{"name":"wp","href":"https:\/\/api.w.org\/{rel}","templated":true}]}}