{"id":4474,"date":"2021-10-31T14:21:49","date_gmt":"2021-10-31T13:21:49","guid":{"rendered":"https:\/\/sylb.eu\/?p=4474"},"modified":"2021-10-31T14:21:52","modified_gmt":"2021-10-31T13:21:52","slug":"autumnpunk-am-30-10-2021-im-cafe-nova-essen","status":"publish","type":"post","link":"https:\/\/zora-mediaart.de\/sylb\/autumnpunk-am-30-10-2021-im-cafe-nova-essen\/","title":{"rendered":"Autumnpunk am 30.10.2021 im Caf\u00e9 Nova, Essen"},"content":{"rendered":"\t\t<div data-elementor-type=\"wp-post\" data-elementor-id=\"4474\" class=\"elementor elementor-4474\" data-elementor-post-type=\"post\">\n\t\t\t\t\t\t<section class=\"elementor-section elementor-top-section elementor-element elementor-element-387b4f5d elementor-section-boxed elementor-section-height-default elementor-section-height-default\" data-id=\"387b4f5d\" data-element_type=\"section\" data-e-type=\"section\">\n\t\t\t\t\t\t<div class=\"elementor-container elementor-column-gap-default\">\n\t\t\t\t\t<div class=\"elementor-column elementor-col-100 elementor-top-column elementor-element elementor-element-7f0023d0\" data-id=\"7f0023d0\" data-element_type=\"column\" data-e-type=\"column\">\n\t\t\t<div class=\"elementor-widget-wrap elementor-element-populated\">\n\t\t\t\t\t\t<div class=\"elementor-element elementor-element-4984dc29 elementor-widget elementor-widget-text-editor\" data-id=\"4984dc29\" data-element_type=\"widget\" data-e-type=\"widget\" data-widget_type=\"text-editor.default\">\n\t\t\t\t<div class=\"elementor-widget-container\">\n\t\t\t\t\t\t\t\t\t\n<p>Nachdem ich die Jungs von <strong>ZeitKonsum<\/strong> schon einige Male live erleben und dabei auch fotografieren durfte, habe ich mich nat\u00fcrlich sehr gefreut, als ich von ihnen eingeladen wurde, beim <strong>Autumnpunk<\/strong> zu fotografieren. Und nachdem ich in diesem Jahr ja schon bei den zweit\u00e4gigen <strong>Osterather Pestspielen<\/strong> dabei war, w\u00fcrde ich als Metalhead sicherlich auch bei dieser Show meinen Spa\u00df haben. Also wieder mal auf ins <strong>Caf\u00e9 Nova<\/strong>.<br><br>Drei Bands sind heute am Start, den Auftakt macht <strong>Kreftich<\/strong>. Die Band wurde bereits im Jahr 1996 in Dinslaken gegr\u00fcndet, und wenn ich es im Internet richtig gelesen habe, ist das Trio nach wie vor mit den drei Gr\u00fcndungsmitgliedern <strong>Flo<\/strong>, <strong>Lasse<\/strong> und <strong>Hagi<\/strong> besetzt. Nach den Alben <strong>Stillos!<\/strong> aus 2007 und <strong>Bis Hierhin Und Dann Weiter<\/strong> aus 2011 ist <strong>niemals stumm<\/strong> aus 2018 bislang das letzte Album. Begr\u00fc\u00dft werden wir mit den Worten <em>&#8222;Hallo Duisburg!&#8220;<\/em>, aber im Laufe der Show wird in den Ansagen aus &#8222;Duisburg&#8220; auch gern mal &#8222;Oberhausen&#8220;, und tats\u00e4chlich f\u00e4llt auch mal der Name &#8222;Essen&#8220; \ud83d\ude00 Neben sehr witzigen Dialogen haben die M\u00e4nner aber nat\u00fcrlich auch Musik dabei und k\u00f6nnen mit Songs wie <strong>Der Berg Ruft<\/strong>, <strong>Notruf<\/strong>, <strong>Orkan<\/strong> oder <strong>Gegenwind<\/strong> die Anwesenden schon mal auf Betriebstemperatur bringen. Da treten dann auch die ersten Moshw\u00fctigen auf den Plan, aber es h\u00e4lt sich noch im Rahmen.<br><br>Das \u00e4ndert sich schlagartig bei <strong>Aggressive<\/strong> aus D\u00fcsseldorf. Die gibt es seit dem Jahr 2013, und sie bringen sehr geilen Oldschool HCPunk \/ Oi! mit. Da ist vor der B\u00fchne streckenweise die H\u00f6lle los, und ein Mal kann ich mich auch nicht schnell genug in Sicherheit bringen. Da finde ich mich dann in Nullkommanix f\u00fcnf Meter weiter wieder und werde postwendend zur\u00fcck in den Pit geschubst. Dem kann ich aber entgehen und gebe mir die sehr energiegeladene Show dann aus sicherer Entfernung. S\u00e4nger <strong>Dan<\/strong> hat da weniger Ber\u00fchrungs\u00e4ngste und tigert oft vor der B\u00fchne hin und her. Bei ihren Alben haben <strong>Aggressive<\/strong> so etwas wie einen Drei-Jahres-Rhythmus entwickelt. Nach <strong>Spit Blood<\/strong> aus 2015 und <strong>Stick Together<\/strong> aus 2018 erschien in diesem Jahr das neue Album <strong>Unbreakable<\/strong>. Das ist auf der Setliste von <strong>Aggressive<\/strong> auch mit Songs wie <strong>Protect<\/strong>, <strong>Carry On<\/strong>, <strong>Better Days<\/strong> oder <strong>Times<\/strong> gut vertreten. Bei <strong>Genauso Wie Wir<\/strong> gesellt sich dann ein Urgestein der Punkszene mit auf die B\u00fchne, n\u00e4mlich <strong>Zoni<\/strong> von <strong>Verlorene Jungs<\/strong>. Da gibt&#8217;s dann vor der B\u00fchne kein Halten mehr, lautstarkes gemeinsames Absingen ist angesagt. Eine schlechte Nachricht hatten <strong>Aggressive<\/strong> ja bereits verk\u00fcndet. Einer der beiden Gitarristen, n\u00e4mlich <strong>Conzi<\/strong>, verl\u00e4sst aus beruflichen Gr\u00fcnden nach sechs Jahren die Band. Eine kleine Rede h\u00e4lt <strong>Conzi<\/strong> dann auch noch, aber man merkt ihm an, dass er sich normalerweise lieber im Hintergrund h\u00e4lt. \ud83d\ude00 Mit <strong>Overdose<\/strong> ist dann der letzte Song der Setliste gespielt, und der Zeitplan steht erstaunlicherweise noch. So k\u00f6nnen also <strong>ZeitKonsum<\/strong> in Ruhe umbauen.<br><br>Vor der Show kommt <strong>Matthias<\/strong> dann noch zu mir und dr\u00fcckt mir einen Ausdruck der Setliste in die Hand. Die ist vorbildlich beschriftet mit Bandname, Datum und Ort der Veranstaltung. Er hatte n\u00e4mlich mitbekommen, dass ich bei den vielen Setlisten, die ich w\u00e4hrend der <strong>Osterather Pestspiele<\/strong> mit dem Handy fotografiert hatte, durcheinanderkam, weil da meistens nur die Songs draufstanden. \ud83d\ude00 Vor einer knappen Woche war Releaseday f\u00fcrs Deb\u00fctalbum <strong>Zukunftsmusik<\/strong>, und man sieht den Jungs schon an, dass sie \u2013 berechtigterweise \u2013 m\u00e4chtig stolz auf die Scheibe sind (unser Review zu der Scheibe folgt noch). Aber zwischen den Songs vom Album, wie <strong>Ich Will Die 7 Sein<\/strong>, <strong>Gitarrenlehrling<\/strong>, <strong>Arte<\/strong> oder <strong>Ihren Ex<\/strong> gibt es auch noch Platz f\u00fcr \u00e4ltere Tracks. <strong>Das Fickt Dich Dann So<\/strong> oder <strong>Mach Es Schnell<\/strong> f\u00fcgen sich aber nat\u00fcrlich problemlos in die Reihe ein. Vier der Bandmitglieder verlassen ihre Pl\u00e4tze nicht, nur <strong>Patrik<\/strong> h\u00e4lt es mal wieder nicht auf der Stelle. Schon bei Shows der Metalcoreband <strong>Beginning<\/strong>, die sich ja leider vor l\u00e4ngerem aufgel\u00f6st hat, war er mit seinem wahnwitzigen Bewegungsdrang auf den meisten meiner Fotos. Und auch heute nutzt er den ihm zur Verf\u00fcgung stehenden Platz bis auf den letzten Zentimeter aus. Ein Ausflug vor die B\u00fchne mitten rein ins Publikum endet zwar mit einem Sturz auf dem mit Bierlachen \u00fcberfluteten Boden, aber selbst im Liegen spielt er weiter. Wie es in der Szene \u00fcblich ist, finden sich sofort helfende H\u00e4nde, die ihm wieder aufhelfen, und vollkommen unbeeindruckt st\u00fcrzt <strong>Patrik<\/strong> sich sofort wieder rein in die Meute vor der B\u00fchne. Gro\u00dfartig! \ud83d\ude00 Dann ist mit <strong>Radio<\/strong> auch schon der letzte Song auf der Setliste gespielt. Der hatte am 20.08. seine Videopremiere auf dem <strong>YouTube<\/strong>-Channel von <strong>Hardcore Worldwide<\/strong> und bringt das <strong>Autumnpunk<\/strong> heute p\u00fcnktlichst zum Ende. Mit Blick auf die Uhr m\u00fcssen <strong>ZeitKonsum<\/strong> die &#8222;Zugabe&#8220;-Rufe mit einem Kopfsch\u00fctteln beantworten. Aber als die Jungs schwei\u00df\u00fcberstr\u00f6mt von der B\u00fchne kommen, sieht man ihnen allen an, wie sehr sie diesen Auftritt heute genossen haben. Aber nicht nur bei den Jungs ist heute der Schwei\u00df geflossen. Da es im <strong>Caf\u00e9 Nova<\/strong> sowieso ziemlich warm ist, zieht es nicht nur mich ziemlich z\u00fcgig erstmal nach drau\u00dfen.<br><br>Punk oder Punkrock findet sich nach wie vor eher weniger in meinen Playlisten. Aber live ist es tats\u00e4chlich immer wieder ein sehr kurzweiliges Vergn\u00fcgen. So habe ich auch tats\u00e4chlich nur in den Umbaupausen mal auf die Uhr geguckt, ob der Zeitplan noch steht. Dass ich dann nach der Show noch vom Tontechniker angesprochen werde, war dann noch ein weiteres Highlight des Abends. Ich hatte n\u00e4mlich schon von Anfang an gegr\u00fcbelt, woher ich ihn kenne. Das wurde von ihm dann sehr schnell aufgel\u00f6st, ich hatte ihn auch schon mal fotografieren d\u00fcrfen, als er mit <strong>Xela Wie<\/strong> auf der B\u00fchne im <strong>Don&#8217;t Panic<\/strong> stand. Ganz anderes Genre, n\u00e4mlich HipHop, aber auch eine Show meiner hei\u00df und innig geliebten Undergroundszene, an die ich gern zur\u00fcckdenke.<br><br>Die kompletten Fotostrecken gibt&#8217;s \u00fcbrigens wieder auf meiner Seite <a href=\"https:\/\/heike-leppkes-konzertfotos.de\">https:\/\/heike-leppkes-konzertfotos.de<\/a> \ud83d\ude42<\/p>\n\t\t\t\t\t\t\t\t<\/div>\n\t\t\t\t<\/div>\n\t\t\t\t\t<\/div>\n\t\t<\/div>\n\t\t\t\t\t<\/div>\n\t\t<\/section>\n\t\t\t\t<section class=\"elementor-section elementor-top-section elementor-element elementor-element-242ceb5 elementor-section-boxed elementor-section-height-default elementor-section-height-default\" data-id=\"242ceb5\" data-element_type=\"section\" data-e-type=\"section\">\n\t\t\t\t\t\t<div class=\"elementor-container elementor-column-gap-default\">\n\t\t\t\t\t<div class=\"elementor-column elementor-col-100 elementor-top-column elementor-element elementor-element-19f5611\" data-id=\"19f5611\" data-element_type=\"column\" data-e-type=\"column\">\n\t\t\t<div class=\"elementor-widget-wrap elementor-element-populated\">\n\t\t\t\t\t\t<div class=\"elementor-element elementor-element-6315239 elementor-arrows-position-inside elementor-pagination-position-outside elementor-widget elementor-widget-image-carousel\" data-id=\"6315239\" data-element_type=\"widget\" data-e-type=\"widget\" data-settings=\"{&quot;slides_to_show&quot;:&quot;1&quot;,&quot;navigation&quot;:&quot;both&quot;,&quot;autoplay&quot;:&quot;yes&quot;,&quot;pause_on_hover&quot;:&quot;yes&quot;,&quot;pause_on_interaction&quot;:&quot;yes&quot;,&quot;autoplay_speed&quot;:5000,&quot;infinite&quot;:&quot;yes&quot;,&quot;effect&quot;:&quot;slide&quot;,&quot;speed&quot;:500}\" data-widget_type=\"image-carousel.default\">\n\t\t\t\t<div class=\"elementor-widget-container\">\n\t\t\t\t\t\t\t<div class=\"elementor-image-carousel-wrapper swiper\" role=\"region\" aria-roledescription=\"carousel\" aria-label=\"Bild Karussell\" dir=\"ltr\">\n\t\t\t<div class=\"elementor-image-carousel swiper-wrapper\" aria-live=\"off\">\n\t\t\t\t\t\t\t\t<div class=\"swiper-slide\" role=\"group\" aria-roledescription=\"slide\" aria-label=\"1 von 23\"><a data-elementor-open-lightbox=\"yes\" data-elementor-lightbox-slideshow=\"6315239\" data-elementor-lightbox-description=\"2021 10 30 - Zeitkonsum @ Cafe Nova\" data-e-action-hash=\"#elementor-action%3Aaction%3Dlightbox%26settings%3DeyJpZCI6NDQ2OSwidXJsIjoiaHR0cHM6XC9cL3pvcmEtbWVkaWFhcnQuZGVcL3N5bGJcL3dwLWNvbnRlbnRcL3VwbG9hZHNcLzIwMjFcLzEwXC8yMDIxLTEwLTMwLVplaXRrb25zdW0tQC1DYWZlLU5vdmEtMDUyMDEuanBnIiwic2xpZGVzaG93IjoiNjMxNTIzOSJ9\" href=\"https:\/\/zora-mediaart.de\/sylb\/wp-content\/uploads\/2021\/10\/2021-10-30-Zeitkonsum-@-Cafe-Nova-05201.jpg\"><figure class=\"swiper-slide-inner\"><img decoding=\"async\" class=\"swiper-slide-image\" src=\"https:\/\/zora-mediaart.de\/sylb\/wp-content\/uploads\/elementor\/thumbs\/2021-10-30-Zeitkonsum-@-Cafe-Nova-05201-pfdk60ox6bzzz3q0onknv05jz6f5trer5mtvje5in4.jpg\" alt=\"2021 10 30 - Zeitkonsum @ Cafe Nova\" \/><figcaption class=\"elementor-image-carousel-caption\">2021 10 30 - Zeitkonsum @ Cafe Nova<\/figcaption><\/figure><\/a><\/div><div class=\"swiper-slide\" role=\"group\" aria-roledescription=\"slide\" aria-label=\"2 von 23\"><a data-elementor-open-lightbox=\"yes\" data-elementor-lightbox-slideshow=\"6315239\" data-elementor-lightbox-description=\"2021 10 30 - Zeitkonsum @ Cafe Nova\" data-e-action-hash=\"#elementor-action%3Aaction%3Dlightbox%26settings%3DeyJpZCI6NDQ2NiwidXJsIjoiaHR0cHM6XC9cL3pvcmEtbWVkaWFhcnQuZGVcL3N5bGJcL3dwLWNvbnRlbnRcL3VwbG9hZHNcLzIwMjFcLzEwXC8yMDIxLTEwLTMwLVplaXRrb25zdW0tQC1DYWZlLU5vdmEtMDUxMzQuanBnIiwic2xpZGVzaG93IjoiNjMxNTIzOSJ9\" href=\"https:\/\/zora-mediaart.de\/sylb\/wp-content\/uploads\/2021\/10\/2021-10-30-Zeitkonsum-@-Cafe-Nova-05134.jpg\"><figure class=\"swiper-slide-inner\"><img decoding=\"async\" class=\"swiper-slide-image\" src=\"https:\/\/zora-mediaart.de\/sylb\/wp-content\/uploads\/elementor\/thumbs\/2021-10-30-Zeitkonsum-@-Cafe-Nova-05134-pfdk5t67nnppe80xwkbnb21v83g846kwgllzp6go0w.jpg\" alt=\"2021 10 30 - Zeitkonsum @ Cafe Nova\" \/><figcaption class=\"elementor-image-carousel-caption\">2021 10 30 - Zeitkonsum @ Cafe Nova<\/figcaption><\/figure><\/a><\/div><div class=\"swiper-slide\" role=\"group\" aria-roledescription=\"slide\" aria-label=\"3 von 23\"><a data-elementor-open-lightbox=\"yes\" data-elementor-lightbox-slideshow=\"6315239\" data-elementor-lightbox-description=\"2021 10 30 - Zeitkonsum @ Cafe Nova\" data-e-action-hash=\"#elementor-action%3Aaction%3Dlightbox%26settings%3DeyJpZCI6NDQ3MSwidXJsIjoiaHR0cHM6XC9cL3pvcmEtbWVkaWFhcnQuZGVcL3N5bGJcL3dwLWNvbnRlbnRcL3VwbG9hZHNcLzIwMjFcLzEwXC8yMDIxLTEwLTMwLVplaXRrb25zdW0tQC1DYWZlLU5vdmEtMDUyMzMuanBnIiwic2xpZGVzaG93IjoiNjMxNTIzOSJ9\" href=\"https:\/\/zora-mediaart.de\/sylb\/wp-content\/uploads\/2021\/10\/2021-10-30-Zeitkonsum-@-Cafe-Nova-05233.jpg\"><figure class=\"swiper-slide-inner\"><img decoding=\"async\" class=\"swiper-slide-image\" src=\"https:\/\/zora-mediaart.de\/sylb\/wp-content\/uploads\/elementor\/thumbs\/2021-10-30-Zeitkonsum-@-Cafe-Nova-05233-pfdk66bybc7pwrhtrq0f9yqbjhnd3y156eqsf1x5ls.jpg\" alt=\"2021 10 30 - Zeitkonsum @ Cafe Nova\" \/><figcaption class=\"elementor-image-carousel-caption\">2021 10 30 - Zeitkonsum @ Cafe Nova<\/figcaption><\/figure><\/a><\/div><div class=\"swiper-slide\" role=\"group\" aria-roledescription=\"slide\" aria-label=\"4 von 23\"><a data-elementor-open-lightbox=\"yes\" data-elementor-lightbox-slideshow=\"6315239\" data-elementor-lightbox-description=\"2021 10 30 - Zeitkonsum @ Cafe Nova\" data-e-action-hash=\"#elementor-action%3Aaction%3Dlightbox%26settings%3DeyJpZCI6NDQ3MiwidXJsIjoiaHR0cHM6XC9cL3pvcmEtbWVkaWFhcnQuZGVcL3N5bGJcL3dwLWNvbnRlbnRcL3VwbG9hZHNcLzIwMjFcLzEwXC8yMDIxLTEwLTMwLVplaXRrb25zdW0tQC1DYWZlLU5vdmEtMDUyNDMuanBnIiwic2xpZGVzaG93IjoiNjMxNTIzOSJ9\" href=\"https:\/\/zora-mediaart.de\/sylb\/wp-content\/uploads\/2021\/10\/2021-10-30-Zeitkonsum-@-Cafe-Nova-05243.jpg\"><figure class=\"swiper-slide-inner\"><img decoding=\"async\" class=\"swiper-slide-image\" src=\"https:\/\/zora-mediaart.de\/sylb\/wp-content\/uploads\/elementor\/thumbs\/2021-10-30-Zeitkonsum-@-Cafe-Nova-05243-pfdk687mp0aajzf3gqtoey98q9e3jc8luo1rdlud9c.jpg\" alt=\"2021 10 30 - Zeitkonsum @ Cafe Nova\" \/><figcaption class=\"elementor-image-carousel-caption\">2021 10 30 - Zeitkonsum @ Cafe Nova<\/figcaption><\/figure><\/a><\/div><div class=\"swiper-slide\" role=\"group\" aria-roledescription=\"slide\" aria-label=\"5 von 23\"><a data-elementor-open-lightbox=\"yes\" data-elementor-lightbox-slideshow=\"6315239\" data-elementor-lightbox-description=\"2021 10 30 - Zeitkonsum @ Cafe Nova\" data-e-action-hash=\"#elementor-action%3Aaction%3Dlightbox%26settings%3DeyJpZCI6NDQ2NSwidXJsIjoiaHR0cHM6XC9cL3pvcmEtbWVkaWFhcnQuZGVcL3N5bGJcL3dwLWNvbnRlbnRcL3VwbG9hZHNcLzIwMjFcLzEwXC8yMDIxLTEwLTMwLVplaXRrb25zdW0tQC1DYWZlLU5vdmEtMDUxMTUuanBnIiwic2xpZGVzaG93IjoiNjMxNTIzOSJ9\" href=\"https:\/\/zora-mediaart.de\/sylb\/wp-content\/uploads\/2021\/10\/2021-10-30-Zeitkonsum-@-Cafe-Nova-05115.jpg\"><figure class=\"swiper-slide-inner\"><img decoding=\"async\" class=\"swiper-slide-image\" src=\"https:\/\/zora-mediaart.de\/sylb\/wp-content\/uploads\/elementor\/thumbs\/2021-10-30-Zeitkonsum-@-Cafe-Nova-05115-pfdk5raj9zn4r03o7jie62iy1bphosdfscb0qmjgdc.jpg\" alt=\"2021 10 30 - Zeitkonsum @ Cafe Nova\" \/><figcaption class=\"elementor-image-carousel-caption\">2021 10 30 - Zeitkonsum @ Cafe Nova<\/figcaption><\/figure><\/a><\/div><div class=\"swiper-slide\" role=\"group\" aria-roledescription=\"slide\" aria-label=\"6 von 23\"><a data-elementor-open-lightbox=\"yes\" data-elementor-lightbox-slideshow=\"6315239\" data-elementor-lightbox-description=\"2021 10 30 - Zeitkonsum @ Cafe Nova\" data-e-action-hash=\"#elementor-action%3Aaction%3Dlightbox%26settings%3DeyJpZCI6NDQ2OCwidXJsIjoiaHR0cHM6XC9cL3pvcmEtbWVkaWFhcnQuZGVcL3N5bGJcL3dwLWNvbnRlbnRcL3VwbG9hZHNcLzIwMjFcLzEwXC8yMDIxLTEwLTMwLVplaXRrb25zdW0tQC1DYWZlLU5vdmEtMDUxOTYuanBnIiwic2xpZGVzaG93IjoiNjMxNTIzOSJ9\" href=\"https:\/\/zora-mediaart.de\/sylb\/wp-content\/uploads\/2021\/10\/2021-10-30-Zeitkonsum-@-Cafe-Nova-05196.jpg\"><figure class=\"swiper-slide-inner\"><img decoding=\"async\" class=\"swiper-slide-image\" src=\"https:\/\/zora-mediaart.de\/sylb\/wp-content\/uploads\/elementor\/thumbs\/2021-10-30-Zeitkonsum-@-Cafe-Nova-05196-pfdk5yt8snxfbvsqzmreq0mmseofed7ahdiwku8azk.jpg\" alt=\"2021 10 30 - Zeitkonsum @ Cafe Nova\" \/><figcaption class=\"elementor-image-carousel-caption\">2021 10 30 - Zeitkonsum @ Cafe Nova<\/figcaption><\/figure><\/a><\/div><div class=\"swiper-slide\" role=\"group\" aria-roledescription=\"slide\" aria-label=\"7 von 23\"><a data-elementor-open-lightbox=\"yes\" data-elementor-lightbox-slideshow=\"6315239\" data-elementor-lightbox-description=\"2021 10 30 - Zeitkonsum @ Cafe Nova\" data-e-action-hash=\"#elementor-action%3Aaction%3Dlightbox%26settings%3DeyJpZCI6NDQ2NywidXJsIjoiaHR0cHM6XC9cL3pvcmEtbWVkaWFhcnQuZGVcL3N5bGJcL3dwLWNvbnRlbnRcL3VwbG9hZHNcLzIwMjFcLzEwXC8yMDIxLTEwLTMwLVplaXRrb25zdW0tQC1DYWZlLU5vdmEtMDUxNDYuanBnIiwic2xpZGVzaG93IjoiNjMxNTIzOSJ9\" href=\"https:\/\/zora-mediaart.de\/sylb\/wp-content\/uploads\/2021\/10\/2021-10-30-Zeitkonsum-@-Cafe-Nova-05146.jpg\"><figure class=\"swiper-slide-inner\"><img decoding=\"async\" class=\"swiper-slide-image\" src=\"https:\/\/zora-mediaart.de\/sylb\/wp-content\/uploads\/elementor\/thumbs\/2021-10-30-Zeitkonsum-@-Cafe-Nova-05146-pfdk5v1w1bsa1fy7ll4wg1ksev6yjksd4uwynqdvog.jpg\" alt=\"2021 10 30 - Zeitkonsum @ Cafe Nova\" \/><figcaption class=\"elementor-image-carousel-caption\">2021 10 30 - Zeitkonsum @ Cafe Nova<\/figcaption><\/figure><\/a><\/div><div class=\"swiper-slide\" role=\"group\" aria-roledescription=\"slide\" aria-label=\"8 von 23\"><a data-elementor-open-lightbox=\"yes\" data-elementor-lightbox-slideshow=\"6315239\" data-elementor-lightbox-description=\"2021 10 30 - Zeitkonsum @ Cafe Nova\" data-e-action-hash=\"#elementor-action%3Aaction%3Dlightbox%26settings%3DeyJpZCI6NDQ3MCwidXJsIjoiaHR0cHM6XC9cL3pvcmEtbWVkaWFhcnQuZGVcL3N5bGJcL3dwLWNvbnRlbnRcL3VwbG9hZHNcLzIwMjFcLzEwXC8yMDIxLTEwLTMwLVplaXRrb25zdW0tQC1DYWZlLU5vdmEtMDUyMjYuanBnIiwic2xpZGVzaG93IjoiNjMxNTIzOSJ9\" href=\"https:\/\/zora-mediaart.de\/sylb\/wp-content\/uploads\/2021\/10\/2021-10-30-Zeitkonsum-@-Cafe-Nova-05226.jpg\"><figure class=\"swiper-slide-inner\"><img decoding=\"async\" class=\"swiper-slide-image\" src=\"https:\/\/zora-mediaart.de\/sylb\/wp-content\/uploads\/elementor\/thumbs\/2021-10-30-Zeitkonsum-@-Cafe-Nova-05226-pfdk62klk02kmbnadodwzzoh5y5w95m7tw4uhy2qao.jpg\" alt=\"2021 10 30 - Zeitkonsum @ Cafe Nova\" \/><figcaption class=\"elementor-image-carousel-caption\">2021 10 30 - Zeitkonsum @ Cafe Nova<\/figcaption><\/figure><\/a><\/div><div class=\"swiper-slide\" role=\"group\" aria-roledescription=\"slide\" aria-label=\"9 von 23\"><a data-elementor-open-lightbox=\"yes\" data-elementor-lightbox-slideshow=\"6315239\" data-elementor-lightbox-description=\"2021 10 30 - Zeitkonsum @ Cafe Nova\" data-e-action-hash=\"#elementor-action%3Aaction%3Dlightbox%26settings%3DeyJpZCI6NDQ3MywidXJsIjoiaHR0cHM6XC9cL3pvcmEtbWVkaWFhcnQuZGVcL3N5bGJcL3dwLWNvbnRlbnRcL3VwbG9hZHNcLzIwMjFcLzEwXC8yMDIxLTEwLTMwLVplaXRrb25zdW0tQC1DYWZlLU5vdmEtMDUyNTEuanBnIiwic2xpZGVzaG93IjoiNjMxNTIzOSJ9\" href=\"https:\/\/zora-mediaart.de\/sylb\/wp-content\/uploads\/2021\/10\/2021-10-30-Zeitkonsum-@-Cafe-Nova-05251.jpg\"><figure class=\"swiper-slide-inner\"><img decoding=\"async\" class=\"swiper-slide-image\" src=\"https:\/\/zora-mediaart.de\/sylb\/wp-content\/uploads\/elementor\/thumbs\/2021-10-30-Zeitkonsum-@-Cafe-Nova-05251-pfdk6byzgcffuf9musg6oxb33svke4nj76npaposkg.jpg\" alt=\"2021 10 30 - Zeitkonsum @ Cafe Nova\" \/><figcaption class=\"elementor-image-carousel-caption\">2021 10 30 - Zeitkonsum @ Cafe Nova<\/figcaption><\/figure><\/a><\/div><div class=\"swiper-slide\" role=\"group\" aria-roledescription=\"slide\" aria-label=\"10 von 23\"><a data-elementor-open-lightbox=\"yes\" data-elementor-lightbox-slideshow=\"6315239\" data-elementor-lightbox-description=\"2021 10 30 - Zeitkonsum @ Cafe Nova\" data-e-action-hash=\"#elementor-action%3Aaction%3Dlightbox%26settings%3DeyJpZCI6NDQ2NCwidXJsIjoiaHR0cHM6XC9cL3pvcmEtbWVkaWFhcnQuZGVcL3N5bGJcL3dwLWNvbnRlbnRcL3VwbG9hZHNcLzIwMjFcLzEwXC8yMDIxLTEwLTMwLVplaXRrb25zdW0tQC1DYWZlLU5vdmEtMDUxMDQuanBnIiwic2xpZGVzaG93IjoiNjMxNTIzOSJ9\" href=\"https:\/\/zora-mediaart.de\/sylb\/wp-content\/uploads\/2021\/10\/2021-10-30-Zeitkonsum-@-Cafe-Nova-05104.jpg\"><figure class=\"swiper-slide-inner\"><img decoding=\"async\" class=\"swiper-slide-image\" src=\"https:\/\/zora-mediaart.de\/sylb\/wp-content\/uploads\/elementor\/thumbs\/2021-10-30-Zeitkonsum-@-Cafe-Nova-05104-pfdk5nj6inhzgk94thvvw3h3ns80tzyiftp2tip128.jpg\" alt=\"2021 10 30 - Zeitkonsum @ Cafe Nova\" \/><figcaption class=\"elementor-image-carousel-caption\">2021 10 30 - Zeitkonsum @ Cafe Nova<\/figcaption><\/figure><\/a><\/div><div class=\"swiper-slide\" role=\"group\" aria-roledescription=\"slide\" aria-label=\"11 von 23\"><a data-elementor-open-lightbox=\"yes\" data-elementor-lightbox-slideshow=\"6315239\" data-elementor-lightbox-description=\"2021 10 30 - Kreftich @ Cafe Nova\" data-e-action-hash=\"#elementor-action%3Aaction%3Dlightbox%26settings%3DeyJpZCI6NDQ1OSwidXJsIjoiaHR0cHM6XC9cL3pvcmEtbWVkaWFhcnQuZGVcL3N5bGJcL3dwLWNvbnRlbnRcL3VwbG9hZHNcLzIwMjFcLzEwXC8yMDIxLTEwLTMwLUtyZWZ0aWNoLUAtQ2FmZS1Ob3ZhLTA0NjY3LmpwZyIsInNsaWRlc2hvdyI6IjYzMTUyMzkifQ%3D%3D\" href=\"https:\/\/zora-mediaart.de\/sylb\/wp-content\/uploads\/2021\/10\/2021-10-30-Kreftich-@-Cafe-Nova-04667.jpg\"><figure class=\"swiper-slide-inner\"><img decoding=\"async\" class=\"swiper-slide-image\" src=\"https:\/\/zora-mediaart.de\/sylb\/wp-content\/uploads\/elementor\/thumbs\/2021-10-30-Kreftich-@-Cafe-Nova-04667-pfdk5adfuyzyy0s8yc73x6snce0vu8i9q0ka3n8jhc.jpg\" alt=\"2021 10 30 - Kreftich @ Cafe Nova\" \/><figcaption class=\"elementor-image-carousel-caption\">2021 10 30 - Kreftich @ Cafe Nova<\/figcaption><\/figure><\/a><\/div><div class=\"swiper-slide\" role=\"group\" aria-roledescription=\"slide\" aria-label=\"12 von 23\"><a data-elementor-open-lightbox=\"yes\" data-elementor-lightbox-slideshow=\"6315239\" data-elementor-lightbox-description=\"2021 10 30 - Kreftich @ Cafe Nova\" data-e-action-hash=\"#elementor-action%3Aaction%3Dlightbox%26settings%3DeyJpZCI6NDQ2MiwidXJsIjoiaHR0cHM6XC9cL3pvcmEtbWVkaWFhcnQuZGVcL3N5bGJcL3dwLWNvbnRlbnRcL3VwbG9hZHNcLzIwMjFcLzEwXC8yMDIxLTEwLTMwLUtyZWZ0aWNoLUAtQ2FmZS1Ob3ZhLTA0NzQ0LmpwZyIsInNsaWRlc2hvdyI6IjYzMTUyMzkifQ%3D%3D\" href=\"https:\/\/zora-mediaart.de\/sylb\/wp-content\/uploads\/2021\/10\/2021-10-30-Kreftich-@-Cafe-Nova-04744.jpg\"><figure class=\"swiper-slide-inner\"><img decoding=\"async\" class=\"swiper-slide-image\" src=\"https:\/\/zora-mediaart.de\/sylb\/wp-content\/uploads\/elementor\/thumbs\/2021-10-30-Kreftich-@-Cafe-Nova-04744-pfdk5hw5dna9iwhbqfg4h4wc3gztjtc4f1s5xuxe3k.jpg\" alt=\"2021 10 30 - Kreftich @ Cafe Nova\" \/><figcaption class=\"elementor-image-carousel-caption\">2021 10 30 - Kreftich @ Cafe Nova<\/figcaption><\/figure><\/a><\/div><div class=\"swiper-slide\" role=\"group\" aria-roledescription=\"slide\" aria-label=\"13 von 23\"><a data-elementor-open-lightbox=\"yes\" data-elementor-lightbox-slideshow=\"6315239\" data-elementor-lightbox-description=\"2021 10 30 - Kreftich @ Cafe Nova\" data-e-action-hash=\"#elementor-action%3Aaction%3Dlightbox%26settings%3DeyJpZCI6NDQ2MywidXJsIjoiaHR0cHM6XC9cL3pvcmEtbWVkaWFhcnQuZGVcL3N5bGJcL3dwLWNvbnRlbnRcL3VwbG9hZHNcLzIwMjFcLzEwXC8yMDIxLTEwLTMwLUtyZWZ0aWNoLUAtQ2FmZS1Ob3ZhLTA0NzczLmpwZyIsInNsaWRlc2hvdyI6IjYzMTUyMzkifQ%3D%3D\" href=\"https:\/\/zora-mediaart.de\/sylb\/wp-content\/uploads\/2021\/10\/2021-10-30-Kreftich-@-Cafe-Nova-04773.jpg\"><figure class=\"swiper-slide-inner\"><img decoding=\"async\" class=\"swiper-slide-image\" src=\"https:\/\/zora-mediaart.de\/sylb\/wp-content\/uploads\/elementor\/thumbs\/2021-10-30-Kreftich-@-Cafe-Nova-04773-pfdk5lni4zfetcbv4h2mr3y6h0haelr1rke3uyrteo.jpg\" alt=\"2021 10 30 - Kreftich @ Cafe Nova\" \/><figcaption class=\"elementor-image-carousel-caption\">2021 10 30 - Kreftich @ Cafe Nova<\/figcaption><\/figure><\/a><\/div><div class=\"swiper-slide\" role=\"group\" aria-roledescription=\"slide\" aria-label=\"14 von 23\"><a data-elementor-open-lightbox=\"yes\" data-elementor-lightbox-slideshow=\"6315239\" data-elementor-lightbox-description=\"2021 10 30 - Kreftich @ Cafe Nova\" data-e-action-hash=\"#elementor-action%3Aaction%3Dlightbox%26settings%3DeyJpZCI6NDQ2MSwidXJsIjoiaHR0cHM6XC9cL3pvcmEtbWVkaWFhcnQuZGVcL3N5bGJcL3dwLWNvbnRlbnRcL3VwbG9hZHNcLzIwMjFcLzEwXC8yMDIxLTEwLTMwLUtyZWZ0aWNoLUAtQ2FmZS1Ob3ZhLTA0NzM4LmpwZyIsInNsaWRlc2hvdyI6IjYzMTUyMzkifQ%3D%3D\" href=\"https:\/\/zora-mediaart.de\/sylb\/wp-content\/uploads\/2021\/10\/2021-10-30-Kreftich-@-Cafe-Nova-04738.jpg\"><figure class=\"swiper-slide-inner\"><img decoding=\"async\" class=\"swiper-slide-image\" src=\"https:\/\/zora-mediaart.de\/sylb\/wp-content\/uploads\/elementor\/thumbs\/2021-10-30-Kreftich-@-Cafe-Nova-04738-pfdk5g0gzz7ovok21emvc5dewp934f4nqsh6zb06g0.jpg\" alt=\"2021 10 30 - Kreftich @ Cafe Nova\" \/><figcaption class=\"elementor-image-carousel-caption\">2021 10 30 - Kreftich @ Cafe Nova<\/figcaption><\/figure><\/a><\/div><div class=\"swiper-slide\" role=\"group\" aria-roledescription=\"slide\" aria-label=\"15 von 23\"><a data-elementor-open-lightbox=\"yes\" data-elementor-lightbox-slideshow=\"6315239\" data-elementor-lightbox-description=\"2021 10 30 - Kreftich @ Cafe Nova\" data-e-action-hash=\"#elementor-action%3Aaction%3Dlightbox%26settings%3DeyJpZCI6NDQ2MCwidXJsIjoiaHR0cHM6XC9cL3pvcmEtbWVkaWFhcnQuZGVcL3N5bGJcL3dwLWNvbnRlbnRcL3VwbG9hZHNcLzIwMjFcLzEwXC8yMDIxLTEwLTMwLUtyZWZ0aWNoLUAtQ2FmZS1Ob3ZhLTA0NzI4LmpwZyIsInNsaWRlc2hvdyI6IjYzMTUyMzkifQ%3D%3D\" href=\"https:\/\/zora-mediaart.de\/sylb\/wp-content\/uploads\/2021\/10\/2021-10-30-Kreftich-@-Cafe-Nova-04728.jpg\"><figure class=\"swiper-slide-inner\"><img decoding=\"async\" class=\"swiper-slide-image\" src=\"https:\/\/zora-mediaart.de\/sylb\/wp-content\/uploads\/elementor\/thumbs\/2021-10-30-Kreftich-@-Cafe-Nova-04728-pfdk5c948n2jl8pind0d26bkj5rm9mpqe9v9275r4w.jpg\" alt=\"2021 10 30 - Kreftich @ Cafe Nova\" \/><figcaption class=\"elementor-image-carousel-caption\">2021 10 30 - Kreftich @ Cafe Nova<\/figcaption><\/figure><\/a><\/div><div class=\"swiper-slide\" role=\"group\" aria-roledescription=\"slide\" aria-label=\"16 von 23\"><a data-elementor-open-lightbox=\"yes\" data-elementor-lightbox-slideshow=\"6315239\" data-elementor-lightbox-description=\"2021 10 30 - Aggressive @ Cafe Nova\" data-e-action-hash=\"#elementor-action%3Aaction%3Dlightbox%26settings%3DeyJpZCI6NDQ1MSwidXJsIjoiaHR0cHM6XC9cL3pvcmEtbWVkaWFhcnQuZGVcL3N5bGJcL3dwLWNvbnRlbnRcL3VwbG9hZHNcLzIwMjFcLzEwXC8yMDIxLTEwLTMwLUFnZ3Jlc3NpdmUtQC1DYWZlLU5vdmEtMDQ3OTYuanBnIiwic2xpZGVzaG93IjoiNjMxNTIzOSJ9\" href=\"https:\/\/zora-mediaart.de\/sylb\/wp-content\/uploads\/2021\/10\/2021-10-30-Aggressive-@-Cafe-Nova-04796.jpg\"><figure class=\"swiper-slide-inner\"><img decoding=\"async\" class=\"swiper-slide-image\" src=\"https:\/\/zora-mediaart.de\/sylb\/wp-content\/uploads\/elementor\/thumbs\/2021-10-30-Aggressive-@-Cafe-Nova-04796-pfdk4ntbay537dp0m2g29chl3542pi0pmwwml05zmo.jpg\" alt=\"2021 10 30 - Aggressive @ Cafe Nova\" \/><figcaption class=\"elementor-image-carousel-caption\">2021 10 30 - Aggressive @ Cafe Nova<\/figcaption><\/figure><\/a><\/div><div class=\"swiper-slide\" role=\"group\" aria-roledescription=\"slide\" aria-label=\"17 von 23\"><a data-elementor-open-lightbox=\"yes\" data-elementor-lightbox-slideshow=\"6315239\" data-elementor-lightbox-description=\"2021 10 30 - Aggressive @ Cafe Nova\" data-e-action-hash=\"#elementor-action%3Aaction%3Dlightbox%26settings%3DeyJpZCI6NDQ1OCwidXJsIjoiaHR0cHM6XC9cL3pvcmEtbWVkaWFhcnQuZGVcL3N5bGJcL3dwLWNvbnRlbnRcL3VwbG9hZHNcLzIwMjFcLzEwXC8yMDIxLTEwLTMwLUFnZ3Jlc3NpdmUtQC1DYWZlLU5vdmEtMDQ5NzUuanBnIiwic2xpZGVzaG93IjoiNjMxNTIzOSJ9\" href=\"https:\/\/zora-mediaart.de\/sylb\/wp-content\/uploads\/2021\/10\/2021-10-30-Aggressive-@-Cafe-Nova-04975.jpg\"><figure class=\"swiper-slide-inner\"><img decoding=\"async\" class=\"swiper-slide-image\" src=\"https:\/\/zora-mediaart.de\/sylb\/wp-content\/uploads\/elementor\/thumbs\/2021-10-30-Aggressive-@-Cafe-Nova-04975-pfdk56m33mutnkxpkakln7qsyujezg3cdhyc6je468.jpg\" alt=\"2021 10 30 - Aggressive @ Cafe Nova\" \/><figcaption class=\"elementor-image-carousel-caption\">2021 10 30 - Aggressive @ Cafe Nova<\/figcaption><\/figure><\/a><\/div><div class=\"swiper-slide\" role=\"group\" aria-roledescription=\"slide\" aria-label=\"18 von 23\"><a data-elementor-open-lightbox=\"yes\" data-elementor-lightbox-slideshow=\"6315239\" data-elementor-lightbox-description=\"2021 10 30 - Aggressive @ Cafe Nova\" data-e-action-hash=\"#elementor-action%3Aaction%3Dlightbox%26settings%3DeyJpZCI6NDQ1NywidXJsIjoiaHR0cHM6XC9cL3pvcmEtbWVkaWFhcnQuZGVcL3N5bGJcL3dwLWNvbnRlbnRcL3VwbG9hZHNcLzIwMjFcLzEwXC8yMDIxLTEwLTMwLUFnZ3Jlc3NpdmUtQC1DYWZlLU5vdmEtMDQ5NTIuanBnIiwic2xpZGVzaG93IjoiNjMxNTIzOSJ9\" href=\"https:\/\/zora-mediaart.de\/sylb\/wp-content\/uploads\/2021\/10\/2021-10-30-Aggressive-@-Cafe-Nova-04952.jpg\"><figure class=\"swiper-slide-inner\"><img decoding=\"async\" class=\"swiper-slide-image\" src=\"https:\/\/zora-mediaart.de\/sylb\/wp-content\/uploads\/elementor\/thumbs\/2021-10-30-Aggressive-@-Cafe-Nova-04952-pfdk54qepys90d0fv9rci87vs2sok1vvp8nd7zgwio.jpg\" alt=\"2021 10 30 - Aggressive @ Cafe Nova\" \/><figcaption class=\"elementor-image-carousel-caption\">2021 10 30 - Aggressive @ Cafe Nova<\/figcaption><\/figure><\/a><\/div><div class=\"swiper-slide\" role=\"group\" aria-roledescription=\"slide\" aria-label=\"19 von 23\"><a data-elementor-open-lightbox=\"yes\" data-elementor-lightbox-slideshow=\"6315239\" data-elementor-lightbox-description=\"2021 10 30 - Aggressive mit Zoni von Verlorene Jungs @ Cafe Nova\" data-e-action-hash=\"#elementor-action%3Aaction%3Dlightbox%26settings%3DeyJpZCI6NDQ1NiwidXJsIjoiaHR0cHM6XC9cL3pvcmEtbWVkaWFhcnQuZGVcL3N5bGJcL3dwLWNvbnRlbnRcL3VwbG9hZHNcLzIwMjFcLzEwXC8yMDIxLTEwLTMwLUFnZ3Jlc3NpdmUtQC1DYWZlLU5vdmEtMDQ5MjYuanBnIiwic2xpZGVzaG93IjoiNjMxNTIzOSJ9\" href=\"https:\/\/zora-mediaart.de\/sylb\/wp-content\/uploads\/2021\/10\/2021-10-30-Aggressive-@-Cafe-Nova-04926.jpg\"><figure class=\"swiper-slide-inner\"><img decoding=\"async\" class=\"swiper-slide-image\" src=\"https:\/\/zora-mediaart.de\/sylb\/wp-content\/uploads\/elementor\/thumbs\/2021-10-30-Aggressive-@-Cafe-Nova-04926-pfdk50z1ymn3px5wh84u8961ejb7p9gycq1favmh7k.jpg\" alt=\"2021 10 30 - Aggressive mit Zoni von Verlorene Jungs @ Cafe Nova\" \/><figcaption class=\"elementor-image-carousel-caption\">2021 10 30 - Aggressive mit Zoni von Verlorene Jungs @ Cafe Nova<\/figcaption><\/figure><\/a><\/div><div class=\"swiper-slide\" role=\"group\" aria-roledescription=\"slide\" aria-label=\"20 von 23\"><a data-elementor-open-lightbox=\"yes\" data-elementor-lightbox-slideshow=\"6315239\" data-elementor-lightbox-description=\"2021 10 30 - Aggressive @ Cafe Nova\" data-e-action-hash=\"#elementor-action%3Aaction%3Dlightbox%26settings%3DeyJpZCI6NDQ1NSwidXJsIjoiaHR0cHM6XC9cL3pvcmEtbWVkaWFhcnQuZGVcL3N5bGJcL3dwLWNvbnRlbnRcL3VwbG9hZHNcLzIwMjFcLzEwXC8yMDIxLTEwLTMwLUFnZ3Jlc3NpdmUtQC1DYWZlLU5vdmEtMDQ5MDQuanBnIiwic2xpZGVzaG93IjoiNjMxNTIzOSJ9\" href=\"https:\/\/zora-mediaart.de\/sylb\/wp-content\/uploads\/2021\/10\/2021-10-30-Aggressive-@-Cafe-Nova-04904.jpg\"><figure class=\"swiper-slide-inner\"><img decoding=\"async\" class=\"swiper-slide-image\" src=\"https:\/\/zora-mediaart.de\/sylb\/wp-content\/uploads\/elementor\/thumbs\/2021-10-30-Aggressive-@-Cafe-Nova-04904-pfdk4z3dkykj2p8ms7bl39n47rkh9v9hogqgcbp9k0.jpg\" alt=\"2021 10 30 - Aggressive @ Cafe Nova\" \/><figcaption class=\"elementor-image-carousel-caption\">2021 10 30 - Aggressive @ Cafe Nova<\/figcaption><\/figure><\/a><\/div><div class=\"swiper-slide\" role=\"group\" aria-roledescription=\"slide\" aria-label=\"21 von 23\"><a data-elementor-open-lightbox=\"yes\" data-elementor-lightbox-slideshow=\"6315239\" data-elementor-lightbox-description=\"2021 10 30 - Aggressive @ Cafe Nova\" data-e-action-hash=\"#elementor-action%3Aaction%3Dlightbox%26settings%3DeyJpZCI6NDQ1NCwidXJsIjoiaHR0cHM6XC9cL3pvcmEtbWVkaWFhcnQuZGVcL3N5bGJcL3dwLWNvbnRlbnRcL3VwbG9hZHNcLzIwMjFcLzEwXC8yMDIxLTEwLTMwLUFnZ3Jlc3NpdmUtQC1DYWZlLU5vdmEtMDQ4OTcuanBnIiwic2xpZGVzaG93IjoiNjMxNTIzOSJ9\" href=\"https:\/\/zora-mediaart.de\/sylb\/wp-content\/uploads\/2021\/10\/2021-10-30-Aggressive-@-Cafe-Nova-04897.jpg\"><figure class=\"swiper-slide-inner\"><img decoding=\"async\" class=\"swiper-slide-image\" src=\"https:\/\/zora-mediaart.de\/sylb\/wp-content\/uploads\/elementor\/thumbs\/2021-10-30-Aggressive-@-Cafe-Nova-04897-pfdk4vc0tmfds9e3e5p2tal9u830f2ukby4if7uu8w.jpg\" alt=\"2021 10 30 - Aggressive @ Cafe Nova\" \/><figcaption class=\"elementor-image-carousel-caption\">2021 10 30 - Aggressive @ Cafe Nova<\/figcaption><\/figure><\/a><\/div><div class=\"swiper-slide\" role=\"group\" aria-roledescription=\"slide\" aria-label=\"22 von 23\"><a data-elementor-open-lightbox=\"yes\" data-elementor-lightbox-slideshow=\"6315239\" data-elementor-lightbox-description=\"2021 10 30 - Aggressive @ Cafe Nova\" data-e-action-hash=\"#elementor-action%3Aaction%3Dlightbox%26settings%3DeyJpZCI6NDQ1MiwidXJsIjoiaHR0cHM6XC9cL3pvcmEtbWVkaWFhcnQuZGVcL3N5bGJcL3dwLWNvbnRlbnRcL3VwbG9hZHNcLzIwMjFcLzEwXC8yMDIxLTEwLTMwLUFnZ3Jlc3NpdmUtQC1DYWZlLU5vdmEtMDQ4ODguanBnIiwic2xpZGVzaG93IjoiNjMxNTIzOSJ9\" href=\"https:\/\/zora-mediaart.de\/sylb\/wp-content\/uploads\/2021\/10\/2021-10-30-Aggressive-@-Cafe-Nova-04888.jpg\"><figure class=\"swiper-slide-inner\"><img decoding=\"async\" class=\"swiper-slide-image\" src=\"https:\/\/zora-mediaart.de\/sylb\/wp-content\/uploads\/elementor\/thumbs\/2021-10-30-Aggressive-@-Cafe-Nova-04888-pfdk4rko2aa8htjk042kjbjfgoljkafmzfiki40exs.jpg\" alt=\"2021 10 30 - Aggressive @ Cafe Nova\" \/><figcaption class=\"elementor-image-carousel-caption\">2021 10 30 - Aggressive @ Cafe Nova<\/figcaption><\/figure><\/a><\/div><div class=\"swiper-slide\" role=\"group\" aria-roledescription=\"slide\" aria-label=\"23 von 23\"><a data-elementor-open-lightbox=\"yes\" data-elementor-lightbox-slideshow=\"6315239\" data-elementor-lightbox-description=\"2021 10 30 - Aggressive @ Cafe Nova\" data-e-action-hash=\"#elementor-action%3Aaction%3Dlightbox%26settings%3DeyJpZCI6NDQ1MywidXJsIjoiaHR0cHM6XC9cL3pvcmEtbWVkaWFhcnQuZGVcL3N5bGJcL3dwLWNvbnRlbnRcL3VwbG9hZHNcLzIwMjFcLzEwXC8yMDIxLTEwLTMwLUFnZ3Jlc3NpdmUtQC1DYWZlLU5vdmEtMDQ4OTAuanBnIiwic2xpZGVzaG93IjoiNjMxNTIzOSJ9\" href=\"https:\/\/zora-mediaart.de\/sylb\/wp-content\/uploads\/2021\/10\/2021-10-30-Aggressive-@-Cafe-Nova-04890.jpg\"><figure class=\"swiper-slide-inner\"><img decoding=\"async\" class=\"swiper-slide-image\" src=\"https:\/\/zora-mediaart.de\/sylb\/wp-content\/uploads\/elementor\/thumbs\/2021-10-30-Aggressive-@-Cafe-Nova-04890-pfdk4tgcfyct51gtp4vtob2cngc9zon3notjgnxmlc.jpg\" alt=\"2021 10 30 - Aggressive @ Cafe Nova\" \/><figcaption class=\"elementor-image-carousel-caption\">2021 10 30 - Aggressive @ Cafe Nova<\/figcaption><\/figure><\/a><\/div>\t\t\t<\/div>\n\t\t\t\t\t\t\t\t\t\t\t\t<div class=\"elementor-swiper-button elementor-swiper-button-prev\" role=\"button\" tabindex=\"0\">\n\t\t\t\t\t\t<i aria-hidden=\"true\" class=\"eicon-chevron-left\"><\/i>\t\t\t\t\t<\/div>\n\t\t\t\t\t<div class=\"elementor-swiper-button elementor-swiper-button-next\" role=\"button\" tabindex=\"0\">\n\t\t\t\t\t\t<i aria-hidden=\"true\" class=\"eicon-chevron-right\"><\/i>\t\t\t\t\t<\/div>\n\t\t\t\t\n\t\t\t\t\t\t\t\t\t<div class=\"swiper-pagination\"><\/div>\n\t\t\t\t\t\t\t\t\t<\/div>\n\t\t\t\t\t\t<\/div>\n\t\t\t\t<\/div>\n\t\t\t\t\t<\/div>\n\t\t<\/div>\n\t\t\t\t\t<\/div>\n\t\t<\/section>\n\t\t\t\t<\/div>\n\t\t","protected":false},"excerpt":{"rendered":"<p>Nachdem ich die Jungs von ZeitKonsum schon einige Male live erleben und dabei auch fotografieren durfte, habe ich mich nat\u00fcrlich sehr gefreut, als ich von ihnen eingeladen wurde, beim Autumnpunk zu fotografieren. Und nachdem ich in diesem Jahr ja schon bei den zweit\u00e4gigen Osterather Pestspielen dabei war, w\u00fcrde ich als Metalhead sicherlich auch bei dieser [&hellip;]<\/p>\n","protected":false},"author":23,"featured_media":4477,"comment_status":"closed","ping_status":"closed","sticky":false,"template":"","format":"standard","meta":{"footnotes":""},"categories":[29],"tags":[357,354,355,41,356,315,358,360,103,104,359],"class_list":["post-4474","post","type-post","status-publish","format-standard","has-post-thumbnail","hentry","category-concert-reviews","tag-aggressive","tag-autumnpunk","tag-cafe-nova","tag-deutschland","tag-essen","tag-hcpunk","tag-kreftich","tag-oi","tag-punk","tag-punkrock","tag-zeitkonsum","wpbf-post"],"_links":{"self":[{"href":"https:\/\/zora-mediaart.de\/sylb\/wp-json\/wp\/v2\/posts\/4474","targetHints":{"allow":["GET"]}}],"collection":[{"href":"https:\/\/zora-mediaart.de\/sylb\/wp-json\/wp\/v2\/posts"}],"about":[{"href":"https:\/\/zora-mediaart.de\/sylb\/wp-json\/wp\/v2\/types\/post"}],"author":[{"embeddable":true,"href":"https:\/\/zora-mediaart.de\/sylb\/wp-json\/wp\/v2\/users\/23"}],"replies":[{"embeddable":true,"href":"https:\/\/zora-mediaart.de\/sylb\/wp-json\/wp\/v2\/comments?post=4474"}],"version-history":[{"count":0,"href":"https:\/\/zora-mediaart.de\/sylb\/wp-json\/wp\/v2\/posts\/4474\/revisions"}],"wp:featuredmedia":[{"embeddable":true,"href":"https:\/\/zora-mediaart.de\/sylb\/wp-json\/wp\/v2\/media\/4477"}],"wp:attachment":[{"href":"https:\/\/zora-mediaart.de\/sylb\/wp-json\/wp\/v2\/media?parent=4474"}],"wp:term":[{"taxonomy":"category","embeddable":true,"href":"https:\/\/zora-mediaart.de\/sylb\/wp-json\/wp\/v2\/categories?post=4474"},{"taxonomy":"post_tag","embeddable":true,"href":"https:\/\/zora-mediaart.de\/sylb\/wp-json\/wp\/v2\/tags?post=4474"}],"curies":[{"name":"wp","href":"https:\/\/api.w.org\/{rel}","templated":true}]}}